{"id":46,"date":"2021-10-04T22:34:26","date_gmt":"2021-10-04T20:34:26","guid":{"rendered":"https:\/\/essentielcosmetique596547444.wordpress.com\/?p=46"},"modified":"2025-12-31T13:51:39","modified_gmt":"2025-12-31T12:51:39","slug":"hotel-of-the-month-santorini","status":"publish","type":"post","link":"https:\/\/www.essentiel-cosmetique.fr\/index.php\/2021\/10\/04\/hotel-of-the-month-santorini\/","title":{"rendered":"THE MUST HAVE"},"content":{"rendered":"\n<h2 class=\"wp-block-heading\">L&rsquo;Essentiel est entre vos mains<\/h2>\n\n\n\n<p>La <strong><a href=\"https:\/\/www.essentiel-cosmetique.fr\/index.php\/produit\/cire-capillaire-essentiel\/\">cire coiffante The Must Have<\/a><\/strong> est un <strong>produit coiffant polyvalent<\/strong> con\u00e7u pour structurer, d\u00e9finir et maintenir les coiffures avec pr\u00e9cision. Sa texture permet de cr\u00e9er des styles nets ou naturels tout en assurant une <strong>tenue longue dur\u00e9e<\/strong> et un rendu soign\u00e9. Il s&rsquo;agit d&rsquo;un indispensable de la cosm\u00e9tique.<\/p>\n\n\n\n<p>Contrairement aux produits coiffants trop rigides, cette <strong><a href=\"https:\/\/www.essentiel-cosmetique.fr\/index.php\/produit\/cire-capillaire-essentiel\/\">cire coiffante professionnelle<\/a><\/strong> offre un \u00e9quilibre id\u00e9al entre <strong>contr\u00f4le et souplesse<\/strong>. Elle permet de modeler la coiffure sans figer, tout en apportant une <strong>brillance naturelle<\/strong>. La coiffure peut \u00eatre retravaill\u00e9e au cours de la journ\u00e9e, sans effet cartonn\u00e9.<\/p>\n\n\n\n<h4 class=\"wp-block-heading\">\u00c0 savoir sur la <a href=\"https:\/\/www.essentiel-cosmetique.fr\/index.php\/produit\/cire-capillaire-essentiel\/\">cire coiffante<\/a><\/h4>\n\n\n\n<p>La cire coiffante est id\u00e9ale pour <strong>sculpter<\/strong>, <strong>structurer<\/strong> et <strong>d\u00e9finir<\/strong> les coiffures. Elle se distingue du gel par un fini plus naturel et une meilleure flexibilit\u00e9. La <strong><a href=\"https:\/\/www.essentiel-cosmetique.fr\/index.php\/produit\/cire-capillaire-essentiel\/\">cire The Must Have<\/a><\/strong> s\u2019\u00e9limine facilement au brossage, sans laisser de r\u00e9sidus ni alourdir la chevelure.<\/p>\n\n\n\n<figure class=\"wp-block-image size-full\"><a href=\"https:\/\/www.essentiel-cosmetique.fr\/index.php\/produit\/cire-capillaire-essentiel\/\"><img fetchpriority=\"high\" decoding=\"async\" width=\"1000\" height=\"1000\" src=\"http:\/\/www.essentiel-cosmetique.fr\/wp-content\/uploads\/2021\/10\/Essentiel3.jpg\" alt=\"\" class=\"wp-image-149\" srcset=\"https:\/\/www.essentiel-cosmetique.fr\/wp-content\/uploads\/2021\/10\/Essentiel3.jpg 1000w, https:\/\/www.essentiel-cosmetique.fr\/wp-content\/uploads\/2021\/10\/Essentiel3-300x300.jpg 300w, https:\/\/www.essentiel-cosmetique.fr\/wp-content\/uploads\/2021\/10\/Essentiel3-100x100.jpg 100w, https:\/\/www.essentiel-cosmetique.fr\/wp-content\/uploads\/2021\/10\/Essentiel3-600x600.jpg 600w, https:\/\/www.essentiel-cosmetique.fr\/wp-content\/uploads\/2021\/10\/Essentiel3-150x150.jpg 150w, https:\/\/www.essentiel-cosmetique.fr\/wp-content\/uploads\/2021\/10\/Essentiel3-768x768.jpg 768w, https:\/\/www.essentiel-cosmetique.fr\/wp-content\/uploads\/2021\/10\/Essentiel3-324x324.jpg 324w, https:\/\/www.essentiel-cosmetique.fr\/wp-content\/uploads\/2021\/10\/Essentiel3-416x416.jpg 416w\" sizes=\"(max-width: 1000px) 100vw, 1000px\" \/><\/a><\/figure>\n\n\n\n<h4 class=\"wp-block-heading\">Pourquoi choisir notre cire ?<\/h4>\n\n\n\n<ul class=\"wp-block-list\">\n<li><strong>Tenue longue dur\u00e9e<\/strong><\/li>\n\n\n\n<li><strong>D\u00e9finition pr\u00e9cise<\/strong><\/li>\n\n\n\n<li><strong>Brillance naturelle<\/strong><\/li>\n\n\n\n<li><strong>Souplesse et contr\u00f4le<\/strong><\/li>\n\n\n\n<li><strong>Nettoyage facile, sans r\u00e9sidus<\/strong><\/li>\n\n\n\n<li><\/li>\n<\/ul>\n\n\n\n<p>Polyvalente et efficace, notre <strong><a href=\"https:\/\/www.essentiel-cosmetique.fr\/index.php\/produit\/cire-capillaire-essentiel\/\">cire coiffante<\/a> <\/strong>s\u2019int\u00e8gre parfaitement \u00e0 une routine capillaire quotidienne pour un style ma\u00eetris\u00e9, durable et \u00e9l\u00e9gant.<\/p>\n\n\n\n<p><\/p>\n\n\n\n<p><a href=\"https:\/\/www.essentiel-cosmetique.fr\/index.php\/produit\/cire-capillaire-essentiel\/\"><strong>Voir le produit<\/strong><\/a><\/p>\n\n\n\n<p><\/p>\n","protected":false},"excerpt":{"rendered":"<p>L&rsquo;Essentiel est entre vos mains La cire coiffante The Must Have est un produit coiffant polyvalent con\u00e7u pour structurer, d\u00e9finir et maintenir les coiffures avec pr\u00e9cision. Sa texture permet de cr\u00e9er des styles nets ou naturels tout en assurant une [&hellip;]<\/p>\n","protected":false},"author":3,"featured_media":5882,"comment_status":"closed","ping_status":"closed","sticky":false,"template":"","format":"standard","meta":{"_jetpack_memberships_contains_paid_content":false,"footnotes":""},"categories":[80,86],"tags":[81,82,85,83],"class_list":["post-46","post","type-post","status-publish","format-standard","has-post-thumbnail","hentry","category-cheveux","category-the-must-have","tag-cheveux","tag-cire-coiffante","tag-cire-essentiel","tag-essentiel-cosmetique"],"yoast_head":"<!-- This site is optimized with the Yoast SEO plugin v26.5 - https:\/\/yoast.com\/wordpress\/plugins\/seo\/ -->\n<title>THE MUST HAVE - Essentiel \/ THE MUST HAVE<\/title>\n<meta name=\"robots\" content=\"index, follow, max-snippet:-1, max-image-preview:large, max-video-preview:-1\" \/>\n<link rel=\"canonical\" href=\"https:\/\/www.essentiel-cosmetique.fr\/index.php\/2021\/10\/04\/hotel-of-the-month-santorini\/\" \/>\n<meta property=\"og:locale\" content=\"fr_FR\" \/>\n<meta property=\"og:type\" content=\"article\" \/>\n<meta property=\"og:title\" content=\"THE MUST HAVE - Essentiel \/ THE MUST HAVE\" \/>\n<meta property=\"og:description\" content=\"L&rsquo;Essentiel est entre vos mains La cire coiffante The Must Have est un produit coiffant polyvalent con\u00e7u pour structurer, d\u00e9finir et maintenir les coiffures avec pr\u00e9cision. Sa texture permet de cr\u00e9er des styles nets ou naturels tout en assurant une [&hellip;]\" \/>\n<meta property=\"og:url\" content=\"https:\/\/www.essentiel-cosmetique.fr\/index.php\/2021\/10\/04\/hotel-of-the-month-santorini\/\" \/>\n<meta property=\"og:site_name\" content=\"Essentiel \/ THE MUST HAVE\" \/>\n<meta property=\"article:publisher\" content=\"https:\/\/www.facebook.com\/profile.php?id=100076694075208\" \/>\n<meta property=\"article:published_time\" content=\"2021-10-04T20:34:26+00:00\" \/>\n<meta property=\"article:modified_time\" content=\"2025-12-31T12:51:39+00:00\" \/>\n<meta property=\"og:image\" content=\"http:\/\/www.essentiel-cosmetique.fr\/wp-content\/uploads\/2021\/10\/cire-essentiel-cosmetique-the-must-have.jpg\" \/>\n\t<meta property=\"og:image:width\" content=\"1667\" \/>\n\t<meta property=\"og:image:height\" content=\"2500\" \/>\n\t<meta property=\"og:image:type\" content=\"image\/jpeg\" \/>\n<meta name=\"author\" content=\"The Must Have\" \/>\n<meta name=\"twitter:card\" content=\"summary_large_image\" \/>\n<meta name=\"twitter:label1\" content=\"\u00c9crit par\" \/>\n\t<meta name=\"twitter:data1\" content=\"The Must Have\" \/>\n\t<meta name=\"twitter:label2\" content=\"Dur\u00e9e de lecture estim\u00e9e\" \/>\n\t<meta name=\"twitter:data2\" content=\"2 minutes\" \/>\n<script type=\"application\/ld+json\" class=\"yoast-schema-graph\">{\"@context\":\"https:\/\/schema.org\",\"@graph\":[{\"@type\":\"Article\",\"@id\":\"https:\/\/www.essentiel-cosmetique.fr\/index.php\/2021\/10\/04\/hotel-of-the-month-santorini\/#article\",\"isPartOf\":{\"@id\":\"https:\/\/www.essentiel-cosmetique.fr\/index.php\/2021\/10\/04\/hotel-of-the-month-santorini\/\"},\"author\":{\"name\":\"The Must Have\",\"@id\":\"https:\/\/www.essentiel-cosmetique.fr\/#\/schema\/person\/3e8e51079cd0a7fcde88ded7b419cecb\"},\"headline\":\"THE MUST HAVE\",\"datePublished\":\"2021-10-04T20:34:26+00:00\",\"dateModified\":\"2025-12-31T12:51:39+00:00\",\"mainEntityOfPage\":{\"@id\":\"https:\/\/www.essentiel-cosmetique.fr\/index.php\/2021\/10\/04\/hotel-of-the-month-santorini\/\"},\"wordCount\":216,\"publisher\":{\"@id\":\"https:\/\/www.essentiel-cosmetique.fr\/#organization\"},\"image\":{\"@id\":\"https:\/\/www.essentiel-cosmetique.fr\/index.php\/2021\/10\/04\/hotel-of-the-month-santorini\/#primaryimage\"},\"thumbnailUrl\":\"https:\/\/www.essentiel-cosmetique.fr\/wp-content\/uploads\/2021\/10\/cire-essentiel-cosmetique-the-must-have.jpg\",\"keywords\":[\"cheveux\",\"cire coiffante\",\"cire essentiel\",\"essentiel cosmetique\"],\"articleSection\":[\"cheveux\",\"the must have\"],\"inLanguage\":\"fr-FR\"},{\"@type\":\"WebPage\",\"@id\":\"https:\/\/www.essentiel-cosmetique.fr\/index.php\/2021\/10\/04\/hotel-of-the-month-santorini\/\",\"url\":\"https:\/\/www.essentiel-cosmetique.fr\/index.php\/2021\/10\/04\/hotel-of-the-month-santorini\/\",\"name\":\"THE MUST HAVE - Essentiel \/ THE MUST HAVE\",\"isPartOf\":{\"@id\":\"https:\/\/www.essentiel-cosmetique.fr\/#website\"},\"primaryImageOfPage\":{\"@id\":\"https:\/\/www.essentiel-cosmetique.fr\/index.php\/2021\/10\/04\/hotel-of-the-month-santorini\/#primaryimage\"},\"image\":{\"@id\":\"https:\/\/www.essentiel-cosmetique.fr\/index.php\/2021\/10\/04\/hotel-of-the-month-santorini\/#primaryimage\"},\"thumbnailUrl\":\"https:\/\/www.essentiel-cosmetique.fr\/wp-content\/uploads\/2021\/10\/cire-essentiel-cosmetique-the-must-have.jpg\",\"datePublished\":\"2021-10-04T20:34:26+00:00\",\"dateModified\":\"2025-12-31T12:51:39+00:00\",\"breadcrumb\":{\"@id\":\"https:\/\/www.essentiel-cosmetique.fr\/index.php\/2021\/10\/04\/hotel-of-the-month-santorini\/#breadcrumb\"},\"inLanguage\":\"fr-FR\",\"potentialAction\":[{\"@type\":\"ReadAction\",\"target\":[\"https:\/\/www.essentiel-cosmetique.fr\/index.php\/2021\/10\/04\/hotel-of-the-month-santorini\/\"]}]},{\"@type\":\"ImageObject\",\"inLanguage\":\"fr-FR\",\"@id\":\"https:\/\/www.essentiel-cosmetique.fr\/index.php\/2021\/10\/04\/hotel-of-the-month-santorini\/#primaryimage\",\"url\":\"https:\/\/www.essentiel-cosmetique.fr\/wp-content\/uploads\/2021\/10\/cire-essentiel-cosmetique-the-must-have.jpg\",\"contentUrl\":\"https:\/\/www.essentiel-cosmetique.fr\/wp-content\/uploads\/2021\/10\/cire-essentiel-cosmetique-the-must-have.jpg\",\"width\":1667,\"height\":2500},{\"@type\":\"BreadcrumbList\",\"@id\":\"https:\/\/www.essentiel-cosmetique.fr\/index.php\/2021\/10\/04\/hotel-of-the-month-santorini\/#breadcrumb\",\"itemListElement\":[{\"@type\":\"ListItem\",\"position\":1,\"name\":\"Accueil\",\"item\":\"https:\/\/www.essentiel-cosmetique.fr\/\"},{\"@type\":\"ListItem\",\"position\":2,\"name\":\"THE MUST HAVE\"}]},{\"@type\":\"WebSite\",\"@id\":\"https:\/\/www.essentiel-cosmetique.fr\/#website\",\"url\":\"https:\/\/www.essentiel-cosmetique.fr\/\",\"name\":\"Essentiel \/ THE MUST HAVE\",\"description\":\"L\u2019ESSENTIEL EST ENTRE VOS MAINS\",\"publisher\":{\"@id\":\"https:\/\/www.essentiel-cosmetique.fr\/#organization\"},\"potentialAction\":[{\"@type\":\"SearchAction\",\"target\":{\"@type\":\"EntryPoint\",\"urlTemplate\":\"https:\/\/www.essentiel-cosmetique.fr\/?s={search_term_string}\"},\"query-input\":{\"@type\":\"PropertyValueSpecification\",\"valueRequired\":true,\"valueName\":\"search_term_string\"}}],\"inLanguage\":\"fr-FR\"},{\"@type\":\"Organization\",\"@id\":\"https:\/\/www.essentiel-cosmetique.fr\/#organization\",\"name\":\"Essentiel \/ THE MUST HAVE\",\"url\":\"https:\/\/www.essentiel-cosmetique.fr\/\",\"logo\":{\"@type\":\"ImageObject\",\"inLanguage\":\"fr-FR\",\"@id\":\"https:\/\/www.essentiel-cosmetique.fr\/#\/schema\/logo\/image\/\",\"url\":\"https:\/\/www.essentiel-cosmetique.fr\/wp-content\/uploads\/2023\/02\/cropped-Logio-Site-essentiel-1.png\",\"contentUrl\":\"https:\/\/www.essentiel-cosmetique.fr\/wp-content\/uploads\/2023\/02\/cropped-Logio-Site-essentiel-1.png\",\"width\":1320,\"height\":460,\"caption\":\"Essentiel \/ THE MUST HAVE\"},\"image\":{\"@id\":\"https:\/\/www.essentiel-cosmetique.fr\/#\/schema\/logo\/image\/\"},\"sameAs\":[\"https:\/\/www.facebook.com\/profile.php?id=100076694075208\",\"https:\/\/www.instagram.com\/essentiel_officiel\/\"]},{\"@type\":\"Person\",\"@id\":\"https:\/\/www.essentiel-cosmetique.fr\/#\/schema\/person\/3e8e51079cd0a7fcde88ded7b419cecb\",\"name\":\"The Must Have\",\"image\":{\"@type\":\"ImageObject\",\"inLanguage\":\"fr-FR\",\"@id\":\"https:\/\/www.essentiel-cosmetique.fr\/#\/schema\/person\/image\/\",\"url\":\"https:\/\/secure.gravatar.com\/avatar\/c07a920fb5175f5580ce5038b551b676f9d0b94b5a26e5aa1ba1c83fc7bfdd33?s=96&d=mm&r=g\",\"contentUrl\":\"https:\/\/secure.gravatar.com\/avatar\/c07a920fb5175f5580ce5038b551b676f9d0b94b5a26e5aa1ba1c83fc7bfdd33?s=96&d=mm&r=g\",\"caption\":\"The Must Have\"},\"url\":\"https:\/\/www.essentiel-cosmetique.fr\/index.php\/author\/the-must-have\/\"}]}<\/script>\n<!-- \/ Yoast SEO plugin. -->","yoast_head_json":{"title":"THE MUST HAVE - Essentiel \/ THE MUST HAVE","robots":{"index":"index","follow":"follow","max-snippet":"max-snippet:-1","max-image-preview":"max-image-preview:large","max-video-preview":"max-video-preview:-1"},"canonical":"https:\/\/www.essentiel-cosmetique.fr\/index.php\/2021\/10\/04\/hotel-of-the-month-santorini\/","og_locale":"fr_FR","og_type":"article","og_title":"THE MUST HAVE - Essentiel \/ THE MUST HAVE","og_description":"L&rsquo;Essentiel est entre vos mains La cire coiffante The Must Have est un produit coiffant polyvalent con\u00e7u pour structurer, d\u00e9finir et maintenir les coiffures avec pr\u00e9cision. Sa texture permet de cr\u00e9er des styles nets ou naturels tout en assurant une [&hellip;]","og_url":"https:\/\/www.essentiel-cosmetique.fr\/index.php\/2021\/10\/04\/hotel-of-the-month-santorini\/","og_site_name":"Essentiel \/ THE MUST HAVE","article_publisher":"https:\/\/www.facebook.com\/profile.php?id=100076694075208","article_published_time":"2021-10-04T20:34:26+00:00","article_modified_time":"2025-12-31T12:51:39+00:00","og_image":[{"width":1667,"height":2500,"url":"http:\/\/www.essentiel-cosmetique.fr\/wp-content\/uploads\/2021\/10\/cire-essentiel-cosmetique-the-must-have.jpg","type":"image\/jpeg"}],"author":"The Must Have","twitter_card":"summary_large_image","twitter_misc":{"\u00c9crit par":"The Must Have","Dur\u00e9e de lecture estim\u00e9e":"2 minutes"},"schema":{"@context":"https:\/\/schema.org","@graph":[{"@type":"Article","@id":"https:\/\/www.essentiel-cosmetique.fr\/index.php\/2021\/10\/04\/hotel-of-the-month-santorini\/#article","isPartOf":{"@id":"https:\/\/www.essentiel-cosmetique.fr\/index.php\/2021\/10\/04\/hotel-of-the-month-santorini\/"},"author":{"name":"The Must Have","@id":"https:\/\/www.essentiel-cosmetique.fr\/#\/schema\/person\/3e8e51079cd0a7fcde88ded7b419cecb"},"headline":"THE MUST HAVE","datePublished":"2021-10-04T20:34:26+00:00","dateModified":"2025-12-31T12:51:39+00:00","mainEntityOfPage":{"@id":"https:\/\/www.essentiel-cosmetique.fr\/index.php\/2021\/10\/04\/hotel-of-the-month-santorini\/"},"wordCount":216,"publisher":{"@id":"https:\/\/www.essentiel-cosmetique.fr\/#organization"},"image":{"@id":"https:\/\/www.essentiel-cosmetique.fr\/index.php\/2021\/10\/04\/hotel-of-the-month-santorini\/#primaryimage"},"thumbnailUrl":"https:\/\/www.essentiel-cosmetique.fr\/wp-content\/uploads\/2021\/10\/cire-essentiel-cosmetique-the-must-have.jpg","keywords":["cheveux","cire coiffante","cire essentiel","essentiel cosmetique"],"articleSection":["cheveux","the must have"],"inLanguage":"fr-FR"},{"@type":"WebPage","@id":"https:\/\/www.essentiel-cosmetique.fr\/index.php\/2021\/10\/04\/hotel-of-the-month-santorini\/","url":"https:\/\/www.essentiel-cosmetique.fr\/index.php\/2021\/10\/04\/hotel-of-the-month-santorini\/","name":"THE MUST HAVE - Essentiel \/ THE MUST HAVE","isPartOf":{"@id":"https:\/\/www.essentiel-cosmetique.fr\/#website"},"primaryImageOfPage":{"@id":"https:\/\/www.essentiel-cosmetique.fr\/index.php\/2021\/10\/04\/hotel-of-the-month-santorini\/#primaryimage"},"image":{"@id":"https:\/\/www.essentiel-cosmetique.fr\/index.php\/2021\/10\/04\/hotel-of-the-month-santorini\/#primaryimage"},"thumbnailUrl":"https:\/\/www.essentiel-cosmetique.fr\/wp-content\/uploads\/2021\/10\/cire-essentiel-cosmetique-the-must-have.jpg","datePublished":"2021-10-04T20:34:26+00:00","dateModified":"2025-12-31T12:51:39+00:00","breadcrumb":{"@id":"https:\/\/www.essentiel-cosmetique.fr\/index.php\/2021\/10\/04\/hotel-of-the-month-santorini\/#breadcrumb"},"inLanguage":"fr-FR","potentialAction":[{"@type":"ReadAction","target":["https:\/\/www.essentiel-cosmetique.fr\/index.php\/2021\/10\/04\/hotel-of-the-month-santorini\/"]}]},{"@type":"ImageObject","inLanguage":"fr-FR","@id":"https:\/\/www.essentiel-cosmetique.fr\/index.php\/2021\/10\/04\/hotel-of-the-month-santorini\/#primaryimage","url":"https:\/\/www.essentiel-cosmetique.fr\/wp-content\/uploads\/2021\/10\/cire-essentiel-cosmetique-the-must-have.jpg","contentUrl":"https:\/\/www.essentiel-cosmetique.fr\/wp-content\/uploads\/2021\/10\/cire-essentiel-cosmetique-the-must-have.jpg","width":1667,"height":2500},{"@type":"BreadcrumbList","@id":"https:\/\/www.essentiel-cosmetique.fr\/index.php\/2021\/10\/04\/hotel-of-the-month-santorini\/#breadcrumb","itemListElement":[{"@type":"ListItem","position":1,"name":"Accueil","item":"https:\/\/www.essentiel-cosmetique.fr\/"},{"@type":"ListItem","position":2,"name":"THE MUST HAVE"}]},{"@type":"WebSite","@id":"https:\/\/www.essentiel-cosmetique.fr\/#website","url":"https:\/\/www.essentiel-cosmetique.fr\/","name":"Essentiel \/ THE MUST HAVE","description":"L\u2019ESSENTIEL EST ENTRE VOS MAINS","publisher":{"@id":"https:\/\/www.essentiel-cosmetique.fr\/#organization"},"potentialAction":[{"@type":"SearchAction","target":{"@type":"EntryPoint","urlTemplate":"https:\/\/www.essentiel-cosmetique.fr\/?s={search_term_string}"},"query-input":{"@type":"PropertyValueSpecification","valueRequired":true,"valueName":"search_term_string"}}],"inLanguage":"fr-FR"},{"@type":"Organization","@id":"https:\/\/www.essentiel-cosmetique.fr\/#organization","name":"Essentiel \/ THE MUST HAVE","url":"https:\/\/www.essentiel-cosmetique.fr\/","logo":{"@type":"ImageObject","inLanguage":"fr-FR","@id":"https:\/\/www.essentiel-cosmetique.fr\/#\/schema\/logo\/image\/","url":"https:\/\/www.essentiel-cosmetique.fr\/wp-content\/uploads\/2023\/02\/cropped-Logio-Site-essentiel-1.png","contentUrl":"https:\/\/www.essentiel-cosmetique.fr\/wp-content\/uploads\/2023\/02\/cropped-Logio-Site-essentiel-1.png","width":1320,"height":460,"caption":"Essentiel \/ THE MUST HAVE"},"image":{"@id":"https:\/\/www.essentiel-cosmetique.fr\/#\/schema\/logo\/image\/"},"sameAs":["https:\/\/www.facebook.com\/profile.php?id=100076694075208","https:\/\/www.instagram.com\/essentiel_officiel\/"]},{"@type":"Person","@id":"https:\/\/www.essentiel-cosmetique.fr\/#\/schema\/person\/3e8e51079cd0a7fcde88ded7b419cecb","name":"The Must Have","image":{"@type":"ImageObject","inLanguage":"fr-FR","@id":"https:\/\/www.essentiel-cosmetique.fr\/#\/schema\/person\/image\/","url":"https:\/\/secure.gravatar.com\/avatar\/c07a920fb5175f5580ce5038b551b676f9d0b94b5a26e5aa1ba1c83fc7bfdd33?s=96&d=mm&r=g","contentUrl":"https:\/\/secure.gravatar.com\/avatar\/c07a920fb5175f5580ce5038b551b676f9d0b94b5a26e5aa1ba1c83fc7bfdd33?s=96&d=mm&r=g","caption":"The Must Have"},"url":"https:\/\/www.essentiel-cosmetique.fr\/index.php\/author\/the-must-have\/"}]}},"jetpack_featured_media_url":"https:\/\/www.essentiel-cosmetique.fr\/wp-content\/uploads\/2021\/10\/cire-essentiel-cosmetique-the-must-have.jpg","jetpack_sharing_enabled":false,"_links":{"self":[{"href":"https:\/\/www.essentiel-cosmetique.fr\/index.php\/wp-json\/wp\/v2\/posts\/46","targetHints":{"allow":["GET"]}}],"collection":[{"href":"https:\/\/www.essentiel-cosmetique.fr\/index.php\/wp-json\/wp\/v2\/posts"}],"about":[{"href":"https:\/\/www.essentiel-cosmetique.fr\/index.php\/wp-json\/wp\/v2\/types\/post"}],"author":[{"embeddable":true,"href":"https:\/\/www.essentiel-cosmetique.fr\/index.php\/wp-json\/wp\/v2\/users\/3"}],"replies":[{"embeddable":true,"href":"https:\/\/www.essentiel-cosmetique.fr\/index.php\/wp-json\/wp\/v2\/comments?post=46"}],"version-history":[{"count":9,"href":"https:\/\/www.essentiel-cosmetique.fr\/index.php\/wp-json\/wp\/v2\/posts\/46\/revisions"}],"predecessor-version":[{"id":5922,"href":"https:\/\/www.essentiel-cosmetique.fr\/index.php\/wp-json\/wp\/v2\/posts\/46\/revisions\/5922"}],"wp:featuredmedia":[{"embeddable":true,"href":"https:\/\/www.essentiel-cosmetique.fr\/index.php\/wp-json\/wp\/v2\/media\/5882"}],"wp:attachment":[{"href":"https:\/\/www.essentiel-cosmetique.fr\/index.php\/wp-json\/wp\/v2\/media?parent=46"}],"wp:term":[{"taxonomy":"category","embeddable":true,"href":"https:\/\/www.essentiel-cosmetique.fr\/index.php\/wp-json\/wp\/v2\/categories?post=46"},{"taxonomy":"post_tag","embeddable":true,"href":"https:\/\/www.essentiel-cosmetique.fr\/index.php\/wp-json\/wp\/v2\/tags?post=46"}],"curies":[{"name":"wp","href":"https:\/\/api.w.org\/{rel}","templated":true}]}}